{"id":378,"date":"2021-12-09T09:21:34","date_gmt":"2021-12-09T08:21:34","guid":{"rendered":"http:\/\/obec-kouty.kubrdom.cz\/subdom\/obec-kouty\/?p=378"},"modified":"2021-12-14T12:58:32","modified_gmt":"2021-12-14T11:58:32","slug":"informace-pro-obcany-2","status":"publish","type":"post","link":"https:\/\/obec-kouty.kubrdom.cz\/subdom\/obec-kouty\/2021\/12\/09\/informace-pro-obcany-2\/","title":{"rendered":"Informace pro ob\u010dany"},"content":{"rendered":"\n<p><strong>1. Zm\u011bna v&nbsp;syst\u00e9mu sb\u011bru odpad\u016f<\/strong><\/p>\n\n\n\n<p>Od za\u010d\u00e1tku leto\u0161n\u00edho roku je\nupraven z\u00e1kon o odpadech a nav\u00fd\u0161en poplatek za ukl\u00e1d\u00e1n\u00ed komun\u00e1ln\u00edho odpadu na\nskl\u00e1dku. Kontrolou popelnic jsme zjistili, \u017ee nam\u00edsto komun\u00e1ln\u00edho odpadu je v&nbsp;popelnic\u00edch\nna\u0161ich ob\u010dan\u016f bioodpad (list\u00ed, tr\u00e1va a ovoce), plasty, ale i stavebn\u00ed odpad. &nbsp;V&nbsp;p\u0159\u00ed\u0161t\u00edm roce je stanoven limit\nkomun\u00e1ln\u00edho odpadu na 190 kilogram\u016f na obyvatele za rok a nad\u00e1le se ka\u017ed\u00fd rok o\n10 kilogram\u016f sni\u017euje. Dle zku\u0161enost\u00ed okoln\u00edch obc\u00ed se <\/p>\n\n\n\n<p>Zastupitelstvo obce rozhodlo zm\u011bnit\nsyst\u00e9m sb\u011bru odpad\u016f p\u0159\u00edmo od jednotliv\u00fdch nemovitost\u00ed a zakoupit popelnice na\nt\u0159\u00edd\u011bn\u00fd odpad (plast, pap\u00edr a bioodpad) a zap\u016fj\u010dit je ob\u010dan\u016fm. Douf\u00e1me, \u017ee\nt\u00edmto dojde ke sn\u00ed\u017een\u00ed objemu komun\u00e1ln\u00edho odpadu a tak\u00e9 k poklesu n\u00e1klad\u016f za\nodvoz a likvidaci odpad\u016f. Pokud ov\u0161em budou v\u0161ichni ob\u010dan\u00e9 d\u016fsledn\u011b t\u0159\u00eddit\nodpad! Z\u00e1v\u011brem roku vyhodnot\u00edme v\u00fdsledky zm\u011bny syst\u00e9mu sb\u011bru odpad\u016f a p\u0159\u00edpadn\u011b\nuprav\u00edme.<\/p>\n\n\n\n<p><strong>P\u0159esto bohu\u017eel mus\u00edme poplatek za nakl\u00e1d\u00e1n\u00ed s&nbsp;odpadem zv\u00fd\u0161it, a to\nna \u010d\u00e1stku 850,- K\u010d za trvale \u017eij\u00edc\u00ed osobu nebo za objekt.<\/strong> <\/p>\n\n\n\n<p><strong>Svoz odpadu od nemovitost\u00ed bude\nod 1.1.2022 prob\u00edhat n\u00e1sleduj\u00edc\u00edm zp\u016fsobem:<\/strong><\/p>\n\n\n\n<ul><li><strong>Pap\u00edr a\nplasty <\/strong>1x m\u011bs\u00ed\u010dn\u011b od nemovitosti <\/li><li><strong>Bioodpad <\/strong>v&nbsp;obdob\u00ed\nleden-b\u0159ezen + prosinec 1x m\u011bs\u00ed\u010dn\u011b od nemovitosti<\/li><\/ul>\n\n\n\n<p><strong>&nbsp;&nbsp;&nbsp;&nbsp;&nbsp;&nbsp;&nbsp;&nbsp;&nbsp;&nbsp;&nbsp;&nbsp;&nbsp;&nbsp; &nbsp;&nbsp;&nbsp;<\/strong>oddubna do listopadu 1x za 14 dn\u00ed od nemovitosti<\/p>\n\n\n\n<ul><li><strong>Komun\u00e1ln\u00ed odpad <\/strong>v&nbsp;obdob\u00ed\nleden-b\u0159ezen + listopad-prosinec 1x t\u00fddn\u011b<\/li><\/ul>\n\n\n\n<p>&nbsp;&nbsp;&nbsp;&nbsp;&nbsp;&nbsp;&nbsp;&nbsp;&nbsp;&nbsp;&nbsp;&nbsp;&nbsp;&nbsp;&nbsp;&nbsp;&nbsp;&nbsp;&nbsp;\n&nbsp;&nbsp;&nbsp;&nbsp;od nemovitosti, <\/p>\n\n\n\n<p>&nbsp;&nbsp;&nbsp;&nbsp;&nbsp;&nbsp;&nbsp;&nbsp;&nbsp;&nbsp;&nbsp;&nbsp;&nbsp;&nbsp;&nbsp;&nbsp; <strong>&nbsp;&nbsp;&nbsp;&nbsp;&nbsp;&nbsp;&nbsp;<\/strong>od dubna do \u0159\u00edjna 1x za 14 dn\u00ed od\nnemovitosti<\/p>\n\n\n\n<ul><li><strong>Obyvatel\u016fm bytov\u00fdch dom\u016f \u010dp. 9, 22, 123 a 125<\/strong>\nbudou p\u0159istaveny 1100l kontejnery na plast a pap\u00edr, a dle domluvy prozat\u00edm 2\nbio popelnice na \u010d\u00edslo popisn\u00e9<\/li><\/ul>\n\n\n\n<p>Ob\u010dan\u00e9 budou\ninformov\u00e1n\u00ed o p\u0159esn\u00fdch datech odvozu harmonogramem. <\/p>\n\n\n\n<p><strong>Ostatn\u00ed\nt\u0159\u00edd\u011bn\u00fd odpad<\/strong> (oleje, textil, sklo, kartony, kovy) z\u016fst\u00e1v\u00e1 na sb\u011brn\u00fdch\nm\u00edstech u autobusov\u00e9 zast\u00e1vky a v&nbsp;nov\u00e9 z\u00e1stavb\u011b. Pr\u00e1v\u011b tak bude i nad\u00e1le k&nbsp;dispozici\nkompost\u00e1rna.<\/p>\n\n\n\n<p><strong>\u017d\u00e1d\u00e1me ob\u010dany, aby si nov\u00e9\nn\u00e1doby na t\u0159\u00edd\u011bn\u00fd odpad vyzvedli v&nbsp;sobotu 11.12.2021 nebo 18.12.2021 od\n9\u201312 hodin v&nbsp;b\u00fdval\u00e9 obecn\u00ed \u0161kole. <\/strong><\/p>\n\n\n\n<p><strong>2. Zv\u00fd\u0161en\u00ed vodn\u00e9ho a sto\u010dn\u00e9ho\nv&nbsp;roce 2022<\/strong><\/p>\n\n\n\n<p>Vodovody a kanalizace Nymburk informuj\u00ed o zv\u00fd\u0161en\u00ed cena za vodn\u00e9 a sto\u010dn\u00e9\npro rok 2022, a to n\u00e1sledovn\u011b:<\/p>\n\n\n\n<ul><li><strong>cena vody odpadn\u00ed pro rok 2022 = 60,62 K\u010d s&nbsp;DPH<\/strong><\/li><li><strong>cena vody pitn\u00e9 pro rok 2022 = 41,67 K\u010d s DPH<\/strong><\/li><\/ul>\n\n\n\n<p><strong>3. Informace\no autobusov\u00e9 doprav\u011b:<\/strong><\/p>\n\n\n\n<p><strong>od 12.12.2021 dojde k&nbsp;\u00faprav\u011b j\u00edzdn\u00edch \u0159\u00e1d\u016f<\/strong>, nov\u011b bude <strong>linka 540<\/strong> jezdit: <strong>Pod\u011bbrady-P\u00e1tek-Kouty-\u00damyslovice-\u010cin\u011bves-Dymokury-Chot\u011b\u0161ice. <\/strong><\/p>\n\n\n\n<p><strong>Pokud budete\ncestovat do Nymburka, mus\u00edte v&nbsp;\u00damyslovic\u00edch p\u0159estoupit na linku 541<\/strong>, kter\u00e1 bude navazovat na linku 540. <\/p>\n\n\n\n<p>Dal\u0161\u00ed novinkou je i <strong>z\u0159\u00edzen\u00ed\nspoje s&nbsp;odjezdem z&nbsp;Pod\u011bbrad ve 20.08 hod. <\/strong><\/p>\n\n\n\n<p><strong>P\u0159ikl\u00e1d\u00e1me nov\u00e9 j\u00edzdn\u00ed \u0159\u00e1dy.<\/strong><\/p>\n\n\n\n<div class=\"wp-block-file\"><a href=\"http:\/\/obec-kouty.kubrdom.cz\/subdom\/obec-kouty\/wp-content\/uploads\/2021\/12\/Info-12-2021-odpadpid.docx\">Info-12-2021-odpadpid<\/a><a href=\"http:\/\/obec-kouty.kubrdom.cz\/subdom\/obec-kouty\/wp-content\/uploads\/2021\/12\/Info-12-2021-odpadpid.docx\" class=\"wp-block-file__button\" download>St\u00e1hnout<\/a><\/div>\n\n\n\n<div class=\"wp-block-file\"><a href=\"http:\/\/obec-kouty.kubrdom.cz\/subdom\/obec-kouty\/wp-content\/uploads\/2021\/12\/540_linka.pdf\">540_linka<\/a><a href=\"http:\/\/obec-kouty.kubrdom.cz\/subdom\/obec-kouty\/wp-content\/uploads\/2021\/12\/540_linka.pdf\" class=\"wp-block-file__button\" download>St\u00e1hnout<\/a><\/div>\n\n\n\n<div class=\"wp-block-file\"><a href=\"http:\/\/obec-kouty.kubrdom.cz\/subdom\/obec-kouty\/wp-content\/uploads\/2021\/12\/541_linka.pdf\">541_linka<\/a><a href=\"http:\/\/obec-kouty.kubrdom.cz\/subdom\/obec-kouty\/wp-content\/uploads\/2021\/12\/541_linka.pdf\" class=\"wp-block-file__button\" download>St\u00e1hnout<\/a><\/div>\n","protected":false},"excerpt":{"rendered":"<p>1. Zm\u011bna v&nbsp;syst\u00e9mu sb\u011bru odpad\u016f Od za\u010d\u00e1tku leto\u0161n\u00edho roku je upraven z\u00e1kon o odpadech a nav\u00fd\u0161en poplatek za ukl\u00e1d\u00e1n\u00ed komun\u00e1ln\u00edho odpadu na skl\u00e1dku. Kontrolou popelnic jsme zjistili, \u017ee nam\u00edsto komun\u00e1ln\u00edho odpadu je v&nbsp;popelnic\u00edch na\u0161ich ob\u010dan\u016f bioodpad (list\u00ed, tr\u00e1va a ovoce), plasty, ale i stavebn\u00ed odpad. &nbsp;V&nbsp;p\u0159\u00ed\u0161t\u00edm roce je stanoven limit komun\u00e1ln\u00edho odpadu na 190 kilogram\u016f &hellip; <\/p>\n<p class=\"link-more\"><a href=\"https:\/\/obec-kouty.kubrdom.cz\/subdom\/obec-kouty\/2021\/12\/09\/informace-pro-obcany-2\/\" class=\"more-link\">Read More<span class=\"screen-reader-text\"> &#8222;Informace pro ob\u010dany&#8220;<\/span><\/a><\/p>\n","protected":false},"author":3,"featured_media":0,"comment_status":"closed","ping_status":"open","sticky":false,"template":"","format":"standard","meta":[],"categories":[1],"tags":[],"_links":{"self":[{"href":"https:\/\/obec-kouty.kubrdom.cz\/subdom\/obec-kouty\/wp-json\/wp\/v2\/posts\/378"}],"collection":[{"href":"https:\/\/obec-kouty.kubrdom.cz\/subdom\/obec-kouty\/wp-json\/wp\/v2\/posts"}],"about":[{"href":"https:\/\/obec-kouty.kubrdom.cz\/subdom\/obec-kouty\/wp-json\/wp\/v2\/types\/post"}],"author":[{"embeddable":true,"href":"https:\/\/obec-kouty.kubrdom.cz\/subdom\/obec-kouty\/wp-json\/wp\/v2\/users\/3"}],"replies":[{"embeddable":true,"href":"https:\/\/obec-kouty.kubrdom.cz\/subdom\/obec-kouty\/wp-json\/wp\/v2\/comments?post=378"}],"version-history":[{"count":2,"href":"https:\/\/obec-kouty.kubrdom.cz\/subdom\/obec-kouty\/wp-json\/wp\/v2\/posts\/378\/revisions"}],"predecessor-version":[{"id":383,"href":"https:\/\/obec-kouty.kubrdom.cz\/subdom\/obec-kouty\/wp-json\/wp\/v2\/posts\/378\/revisions\/383"}],"wp:attachment":[{"href":"https:\/\/obec-kouty.kubrdom.cz\/subdom\/obec-kouty\/wp-json\/wp\/v2\/media?parent=378"}],"wp:term":[{"taxonomy":"category","embeddable":true,"href":"https:\/\/obec-kouty.kubrdom.cz\/subdom\/obec-kouty\/wp-json\/wp\/v2\/categories?post=378"},{"taxonomy":"post_tag","embeddable":true,"href":"https:\/\/obec-kouty.kubrdom.cz\/subdom\/obec-kouty\/wp-json\/wp\/v2\/tags?post=378"}],"curies":[{"name":"wp","href":"https:\/\/api.w.org\/{rel}","templated":true}]}}