{"id":368,"date":"2021-10-06T14:12:16","date_gmt":"2021-10-06T12:12:16","guid":{"rendered":"http:\/\/obec-kouty.kubrdom.cz\/subdom\/obec-kouty\/?p=368"},"modified":"2021-10-06T14:12:16","modified_gmt":"2021-10-06T12:12:16","slug":"odecet-elektromeru-18-19-10-2021","status":"publish","type":"post","link":"https:\/\/obec-kouty.kubrdom.cz\/subdom\/obec-kouty\/2021\/10\/06\/odecet-elektromeru-18-19-10-2021\/","title":{"rendered":"Ode\u010det elektrom\u011br\u016f 18.-19.10.2021"},"content":{"rendered":"\n<p>1. Ve dnech<strong>&nbsp;18.-19.10.2021 bude prob\u00edhat\node\u010det elektrom\u011br\u016f<\/strong>. Vzhledem k ode\u010dt\u016fm optickou sondou, kter\u00e1 se mus\u00ed na\nelektrom\u011br p\u0159\u00edmo p\u0159ilo\u017eit, pros\u00edm ob\u010dany o umo\u017en\u011bn\u00ed voln\u00e9ho a bezpe\u010dn\u00e9ho\np\u0159\u00edstupu k elektrom\u011bru (sousedsk\u00e1 v\u00fdpomoc, zabezpe\u010den\u00ed ps\u016f, odstran\u011bn\u00ed k\u0159ovin).<\/p>\n","protected":false},"excerpt":{"rendered":"<p>1. Ve dnech&nbsp;18.-19.10.2021 bude prob\u00edhat ode\u010det elektrom\u011br\u016f. Vzhledem k ode\u010dt\u016fm optickou sondou, kter\u00e1 se mus\u00ed na elektrom\u011br p\u0159\u00edmo p\u0159ilo\u017eit, pros\u00edm ob\u010dany o umo\u017en\u011bn\u00ed voln\u00e9ho a bezpe\u010dn\u00e9ho p\u0159\u00edstupu k elektrom\u011bru (sousedsk\u00e1 v\u00fdpomoc, zabezpe\u010den\u00ed ps\u016f, odstran\u011bn\u00ed k\u0159ovin).<\/p>\n","protected":false},"author":3,"featured_media":0,"comment_status":"closed","ping_status":"open","sticky":false,"template":"","format":"standard","meta":[],"categories":[1],"tags":[],"_links":{"self":[{"href":"https:\/\/obec-kouty.kubrdom.cz\/subdom\/obec-kouty\/wp-json\/wp\/v2\/posts\/368"}],"collection":[{"href":"https:\/\/obec-kouty.kubrdom.cz\/subdom\/obec-kouty\/wp-json\/wp\/v2\/posts"}],"about":[{"href":"https:\/\/obec-kouty.kubrdom.cz\/subdom\/obec-kouty\/wp-json\/wp\/v2\/types\/post"}],"author":[{"embeddable":true,"href":"https:\/\/obec-kouty.kubrdom.cz\/subdom\/obec-kouty\/wp-json\/wp\/v2\/users\/3"}],"replies":[{"embeddable":true,"href":"https:\/\/obec-kouty.kubrdom.cz\/subdom\/obec-kouty\/wp-json\/wp\/v2\/comments?post=368"}],"version-history":[{"count":1,"href":"https:\/\/obec-kouty.kubrdom.cz\/subdom\/obec-kouty\/wp-json\/wp\/v2\/posts\/368\/revisions"}],"predecessor-version":[{"id":369,"href":"https:\/\/obec-kouty.kubrdom.cz\/subdom\/obec-kouty\/wp-json\/wp\/v2\/posts\/368\/revisions\/369"}],"wp:attachment":[{"href":"https:\/\/obec-kouty.kubrdom.cz\/subdom\/obec-kouty\/wp-json\/wp\/v2\/media?parent=368"}],"wp:term":[{"taxonomy":"category","embeddable":true,"href":"https:\/\/obec-kouty.kubrdom.cz\/subdom\/obec-kouty\/wp-json\/wp\/v2\/categories?post=368"},{"taxonomy":"post_tag","embeddable":true,"href":"https:\/\/obec-kouty.kubrdom.cz\/subdom\/obec-kouty\/wp-json\/wp\/v2\/tags?post=368"}],"curies":[{"name":"wp","href":"https:\/\/api.w.org\/{rel}","templated":true}]}}