{"id":359,"date":"2021-10-06T14:08:48","date_gmt":"2021-10-06T12:08:48","guid":{"rendered":"http:\/\/obec-kouty.kubrdom.cz\/subdom\/obec-kouty\/?p=359"},"modified":"2021-10-06T14:08:48","modified_gmt":"2021-10-06T12:08:48","slug":"pozvanka-na-akce-rijen-2021","status":"publish","type":"post","link":"https:\/\/obec-kouty.kubrdom.cz\/subdom\/obec-kouty\/2021\/10\/06\/pozvanka-na-akce-rijen-2021\/","title":{"rendered":"Pozv\u00e1nka na akce \u0159\u00edjen 2021"},"content":{"rendered":"\n<figure class=\"wp-block-image\"><img decoding=\"async\" loading=\"lazy\" width=\"952\" height=\"900\" src=\"http:\/\/obec-kouty.kubrdom.cz\/subdom\/obec-kouty\/wp-content\/uploads\/2021\/10\/plak\u00e1t-\u0159\u00edjen-2020.jpg\" alt=\"\" class=\"wp-image-360\" srcset=\"https:\/\/obec-kouty.kubrdom.cz\/subdom\/obec-kouty\/wp-content\/uploads\/2021\/10\/plak\u00e1t-\u0159\u00edjen-2020.jpg 952w, https:\/\/obec-kouty.kubrdom.cz\/subdom\/obec-kouty\/wp-content\/uploads\/2021\/10\/plak\u00e1t-\u0159\u00edjen-2020-300x284.jpg 300w, https:\/\/obec-kouty.kubrdom.cz\/subdom\/obec-kouty\/wp-content\/uploads\/2021\/10\/plak\u00e1t-\u0159\u00edjen-2020-768x726.jpg 768w\" sizes=\"(max-width: 952px) 100vw, 952px\" \/><\/figure>\n","protected":false},"excerpt":{"rendered":"","protected":false},"author":3,"featured_media":0,"comment_status":"closed","ping_status":"open","sticky":false,"template":"","format":"standard","meta":[],"categories":[1],"tags":[],"_links":{"self":[{"href":"https:\/\/obec-kouty.kubrdom.cz\/subdom\/obec-kouty\/wp-json\/wp\/v2\/posts\/359"}],"collection":[{"href":"https:\/\/obec-kouty.kubrdom.cz\/subdom\/obec-kouty\/wp-json\/wp\/v2\/posts"}],"about":[{"href":"https:\/\/obec-kouty.kubrdom.cz\/subdom\/obec-kouty\/wp-json\/wp\/v2\/types\/post"}],"author":[{"embeddable":true,"href":"https:\/\/obec-kouty.kubrdom.cz\/subdom\/obec-kouty\/wp-json\/wp\/v2\/users\/3"}],"replies":[{"embeddable":true,"href":"https:\/\/obec-kouty.kubrdom.cz\/subdom\/obec-kouty\/wp-json\/wp\/v2\/comments?post=359"}],"version-history":[{"count":1,"href":"https:\/\/obec-kouty.kubrdom.cz\/subdom\/obec-kouty\/wp-json\/wp\/v2\/posts\/359\/revisions"}],"predecessor-version":[{"id":361,"href":"https:\/\/obec-kouty.kubrdom.cz\/subdom\/obec-kouty\/wp-json\/wp\/v2\/posts\/359\/revisions\/361"}],"wp:attachment":[{"href":"https:\/\/obec-kouty.kubrdom.cz\/subdom\/obec-kouty\/wp-json\/wp\/v2\/media?parent=359"}],"wp:term":[{"taxonomy":"category","embeddable":true,"href":"https:\/\/obec-kouty.kubrdom.cz\/subdom\/obec-kouty\/wp-json\/wp\/v2\/categories?post=359"},{"taxonomy":"post_tag","embeddable":true,"href":"https:\/\/obec-kouty.kubrdom.cz\/subdom\/obec-kouty\/wp-json\/wp\/v2\/tags?post=359"}],"curies":[{"name":"wp","href":"https:\/\/api.w.org\/{rel}","templated":true}]}}